{"id":177,"date":"2010-07-16T13:47:32","date_gmt":"2010-07-16T17:47:32","guid":{"rendered":"http:\/\/sociologofreelance.wordpress.com\/?p=177"},"modified":"2016-06-13T16:56:06","modified_gmt":"2016-06-13T16:56:06","slug":"opinion-respecto-a-encuesta-casen-2009","status":"publish","type":"post","link":"https:\/\/www.sebastian-bravo.com\/w2\/uncategorized\/opinion-respecto-a-encuesta-casen-2009\/","title":{"rendered":"Opini\u00f3n respecto a encuesta Casen 2009"},"content":{"rendered":"<p style=\"text-align: justify;\"><a href=\"https:\/\/www.sebastian-bravo.com\/w2\/wp-content\/uploads\/2010\/07\/pobreza.jpg\"><img loading=\"lazy\" decoding=\"async\" class=\"aligncenter size-medium wp-image-182\" title=\"pobreza\" src=\"https:\/\/www.sebastian-bravo.com\/w2\/wp-content\/uploads\/2010\/07\/pobreza.jpg?w=287\" alt=\"\" width=\"287\" height=\"300\" \/><\/a><\/p>\n<p style=\"text-align: justify;\">Esta semana se dieron a conocer algunos resultados de la encuesta Casen 2009 y me gustar\u00eda, para no dar vuelta m\u00e1s al tema que han tratado todos los medios estos \u00faltimos d\u00edas, hacer una breve reflexi\u00f3n respecto a la encuesta, sus resultados y la controversia que ha encendido, m\u00e1s all\u00e1 de las cifras especificas y la politizaci\u00f3n del tema, poniendo \u00e9nfasis en si estamos leyendo correctamente la informaci\u00f3n.<\/p>\n<p style=\"text-align: justify;\"><!--more-->La encuestas Casen, para los que no manejan la materia es la &#8220;Encuestas de Caracterizaci\u00f3n Socioecon\u00f3mica Nacional&#8221; la cual, actualmente, se realiza cada 3 a\u00f1os (existen mediciones cada 2 a\u00f1os como las de 1994 &#8211; 1996 &#8211; 1998 &#8211; 2000) y permite tener un bar\u00f3metro de la realidad socioeconomica del pa\u00eds, principalmente de la pobreza, que es el enfermo en cuesti\u00f3n en este minuto.<\/p>\n<p style=\"text-align: justify;\"><strong>Principales Resultados<\/strong><\/p>\n<p style=\"text-align: justify;\">Los principales resultados para el periodo 2006 &#8211; 2009 (sin entrar a detallar las caracter\u00edsticas metodol\u00f3gicas que pueden encontrar\u00a0<a class=\"hiddensuggestion\" href=\"http:\/\/www.mideplan.cl\/casen2009\/\" target=\"_blank\">aqu\u00ed<\/a>) tienen como principal protagonista un aumento del indicador de pobreza desde un 13,7% a un 15,1% como se puede observar en el gr\u00e1fico, variaci\u00f3n que es significativa solo para el caso de pobres no indigentes (de un 10,5% a un 11,4%) \u00a0ya que estadisticamente no hay variaci\u00f3n debido al error muestrar en el caso de pobres no indigentes.<\/p>\n<p style=\"text-align: justify;\"><a href=\"https:\/\/www.sebastian-bravo.com\/w2\/wp-content\/uploads\/2010\/07\/grafico-1-casen.jpg\"><img loading=\"lazy\" decoding=\"async\" class=\"aligncenter size-medium wp-image-178\" title=\"grafico 1 casen\" src=\"https:\/\/www.sebastian-bravo.com\/w2\/wp-content\/uploads\/2010\/07\/grafico-1-casen.jpg?w=300\" alt=\"\" width=\"300\" height=\"172\" srcset=\"https:\/\/www.sebastian-bravo.com\/w2\/wp-content\/uploads\/2010\/07\/grafico-1-casen.jpg 786w, https:\/\/www.sebastian-bravo.com\/w2\/wp-content\/uploads\/2010\/07\/grafico-1-casen-300x172.jpg 300w\" sizes=\"(max-width: 300px) 100vw, 300px\" \/><\/a>Mas all\u00e1 de los detalles y variaciones seg\u00fan las segmentaciones descritas (Regi\u00f3n, Urbano\/rural,\u00a0Ind\u00edgena\u00a0\/no\u00a0Ind\u00edgena, entre otros), el tema central es entender porque, despu\u00e9s de m\u00e1s de 10 a\u00f1os de constante disminuci\u00f3n de la pobreza esta vuelve a aumentar, dejando de la politizaci\u00f3n de la\u00a0discusi\u00f3n (cosa que jam\u00e1s debi\u00f3 haber ocurrido).<\/p>\n<p style=\"text-align: justify;\"><strong>\u00bfSabemos leer la encuesta Casen?<\/strong><\/p>\n<p style=\"text-align: justify;\">Desde el a\u00f1o 1990 Mideplan hab\u00eda mantenido invariable la linea de pobreza m\u00e1s all\u00e1 de las variaciones en el IPC y sin considerar las mayores variaciones en los alimentos (inflaci\u00f3n 18% mayor). En este contexto, para la medici\u00f3n 2009 se realizo un reajuste en la vara con la que medimos la pobreza despu\u00e9s de 16 a\u00f1os, la cual \u00a0signific\u00f3 un incremento del 19%. \u00a0En pocas palabras tenemos m\u00e1s pobres porque contamos m\u00e1s casos en condici\u00f3n de pobreza. Es como si a una serie de enfermos le decimos historicamente que la linea para definir si tiene fiebre o no son los 37,5\u00b0 y de un minuto a otro reducimos esta linea a 36,5: l\u00f3gicamente\u00a0vamos a tener m\u00e1s gente con fiebre.<\/p>\n<p style=\"text-align: justify;\"><strong>\u00bfQue pas\u00f3 con el secreto estad\u00edstico?<\/strong><\/p>\n<p style=\"text-align: justify;\">El secreto estad\u00edstico refiere al anonimato al momento de ser encuestado y que los datos recopilados ser\u00e1n utilizados solo para la investigaci\u00f3n. En el marco de la encuesta casen 2009 se solicit\u00f3 informaci\u00f3n nominada, esto significa nombre y direcci\u00f3n de los encuestados. Las consecuencias de esto son claras: los encuestados realizan una una subdeclaraci\u00f3n de ingresos (entendiendo que la gente declara lo que quiere declarar y no existe la \u00a0obligatoriedad), materia mas que tratada en diversa literatura (solo busque &#8220;subdeclaci\u00f3n ingresos&#8221; en google para obtener un primer acercamiento). En este contexto ocurre un fen\u00f3meno demasiado complejo: los pobres tienen menos y los &#8220;ricos&#8221; tambi\u00e9n tienen menos, lo que implica que tenemos mayor tasa de pobreza y la desigualdad que medimos nos es real y probablemente es mucho mayor.<\/p>\n<p style=\"text-align: justify;\"><strong>\u00bfY el contexto?<\/strong><\/p>\n<p style=\"text-align: justify;\">El levantamiento de informaci\u00f3n de la encuesta casen 2009 se realizo durante noviembre y diciembre de ese a\u00f1o. El mundo entero estaba sumido en una crisis econ\u00f3mica que trajo enormes consecuencias a las distintas econom\u00edas. Seg\u00fan datos de Banco Mundial (y si mi memoria no me falla), los niveles de alza en la pobreza estimados como consecuencia de la crisis para Am\u00e9rica Latina rondaban el 2%.<\/p>\n<p style=\"text-align: justify;\"><strong>En este contexto<\/strong><\/p>\n<p style=\"text-align: justify;\">Juzguen Uds. mismos. Personalmente no entrar\u00e9 a juzgar\u00a0pol\u00edticas\u00a0sociales, ni lecturas politizadas de los resultados: el problemas esta establecido y tiene que ver con un escenario que hab\u00eda desaparecido de la discusi\u00f3n en los medios y que considero justo que se vuelva a poner en la mesa, aun cuando solo sea el tema de moda.<\/p>\n<p style=\"text-align: justify;\">Por otra parte creo, personalmente\u00a0,que el alza real es mucho menor a las cifras mostradas en el resumen de resultados. Es m\u00e1s, creo que existe una disminuci\u00f3n de la pobreza en relaci\u00f3n al 2006, solo que hemos cambiado (como se ha dicho por diferentes actores sociales) el term\u00f3metro con el que medimos.<\/p>\n<p style=\"text-align: justify;\">Independiente de si existe una disminuci\u00f3n considero que el problema de la pobreza es un tema que estamos lejos de poder solucionar, sobre todo cuando el tema de la desigualdad est\u00e1 tan establecido en nuestra sociedad y a pesar de estar consientes de \u00e9sta, nos sentimos c\u00f3modos.<\/p>\n","protected":false},"excerpt":{"rendered":"<p>Esta semana se dieron a conocer algunos resultados de la encuesta Casen 2009 y me gustar\u00eda, para no dar vuelta [&hellip;]<\/p>\n","protected":false},"author":1,"featured_media":503,"comment_status":"open","ping_status":"open","sticky":false,"template":"","format":"standard","meta":{"footnotes":""},"categories":[1],"tags":[],"_links":{"self":[{"href":"https:\/\/www.sebastian-bravo.com\/w2\/wp-json\/wp\/v2\/posts\/177"}],"collection":[{"href":"https:\/\/www.sebastian-bravo.com\/w2\/wp-json\/wp\/v2\/posts"}],"about":[{"href":"https:\/\/www.sebastian-bravo.com\/w2\/wp-json\/wp\/v2\/types\/post"}],"author":[{"embeddable":true,"href":"https:\/\/www.sebastian-bravo.com\/w2\/wp-json\/wp\/v2\/users\/1"}],"replies":[{"embeddable":true,"href":"https:\/\/www.sebastian-bravo.com\/w2\/wp-json\/wp\/v2\/comments?post=177"}],"version-history":[{"count":2,"href":"https:\/\/www.sebastian-bravo.com\/w2\/wp-json\/wp\/v2\/posts\/177\/revisions"}],"predecessor-version":[{"id":49091,"href":"https:\/\/www.sebastian-bravo.com\/w2\/wp-json\/wp\/v2\/posts\/177\/revisions\/49091"}],"wp:featuredmedia":[{"embeddable":true,"href":"https:\/\/www.sebastian-bravo.com\/w2\/wp-json\/wp\/v2\/media\/503"}],"wp:attachment":[{"href":"https:\/\/www.sebastian-bravo.com\/w2\/wp-json\/wp\/v2\/media?parent=177"}],"wp:term":[{"taxonomy":"category","embeddable":true,"href":"https:\/\/www.sebastian-bravo.com\/w2\/wp-json\/wp\/v2\/categories?post=177"},{"taxonomy":"post_tag","embeddable":true,"href":"https:\/\/www.sebastian-bravo.com\/w2\/wp-json\/wp\/v2\/tags?post=177"}],"curies":[{"name":"wp","href":"https:\/\/api.w.org\/{rel}","templated":true}]}}